{"id":2065,"date":"2022-11-21T09:12:11","date_gmt":"2022-11-21T08:12:11","guid":{"rendered":"https:\/\/perelopezdecoca.com\/sin-categorizar\/divorcios-despues-del-confinamiento\/"},"modified":"2025-02-10T12:13:18","modified_gmt":"2025-02-10T11:13:18","slug":"divorcios-despues-del-confinamiento","status":"publish","type":"post","link":"https:\/\/perelopezdecoca.com\/es\/sin-categorizar\/divorcios-despues-del-confinamiento\/","title":{"rendered":"\u00bfDivorcios despu\u00e9s del confinamiento?"},"content":{"rendered":"\t\t<div data-elementor-type=\"wp-post\" data-elementor-id=\"2065\" class=\"elementor elementor-2065 elementor-1503\" data-elementor-post-type=\"post\">\n\t\t\t\t\t\t<section class=\"elementor-section elementor-top-section elementor-element elementor-element-2bb04f4 elementor-section-boxed elementor-section-height-default elementor-section-height-default\" data-id=\"2bb04f4\" data-element_type=\"section\">\n\t\t\t\t\t\t<div class=\"elementor-container elementor-column-gap-default\">\n\t\t\t\t\t<div class=\"elementor-column elementor-col-100 elementor-top-column elementor-element elementor-element-366d37e\" data-id=\"366d37e\" data-element_type=\"column\">\n\t\t\t<div class=\"elementor-widget-wrap elementor-element-populated\">\n\t\t\t\t\t\t<div class=\"elementor-element elementor-element-6683d01 elementor-widget elementor-widget-heading\" data-id=\"6683d01\" data-element_type=\"widget\" data-widget_type=\"heading.default\">\n\t\t\t\t<div class=\"elementor-widget-container\">\n\t\t\t\t\t<h2 class=\"elementor-heading-title elementor-size-default\"><h1>\u00bfDivorcios despu\u00e9s del confinamiento?<\/h1><\/h2>\t\t\t\t<\/div>\n\t\t\t\t<\/div>\n\t\t\t\t<div class=\"elementor-element elementor-element-2e37266 elementor-widget elementor-widget-text-editor\" data-id=\"2e37266\" data-element_type=\"widget\" data-widget_type=\"text-editor.default\">\n\t\t\t\t<div class=\"elementor-widget-container\">\n\t\t\t\t\t\t\t\t\t<p style=\"margin-right: 0px; margin-bottom: 0px; margin-left: 0px; padding: 0px 0px 1em; border: 0px; outline: 0px; background-image: initial; background-position: 0px 0px; background-size: initial; background-repeat: initial; background-attachment: initial; background-origin: initial; background-clip: initial; font-size: 14px; vertical-align: baseline; text-size-adjust: 100%; color: #666666; font-family: 'Open Sans', Arial, sans-serif;\">\u00bfPor qu\u00e9 creemos que habr\u00e1 m\u00e1s divorcios despu\u00e9s del confinamiento?<\/p>\n<p style=\"margin-right: 0px; margin-bottom: 0px; margin-left: 0px; padding: 0px 0px 1em; border: 0px; outline: 0px; background-image: initial; background-position: 0px 0px; background-size: initial; background-repeat: initial; background-attachment: initial; background-origin: initial; background-clip: initial; font-size: 14px; vertical-align: baseline; text-size-adjust: 100%; color: #666666; font-family: 'Open Sans', Arial, sans-serif;\">Hay que tener en cuenta que este confinamiento por el coronavirus ha generado un c\u00f3ctel en el que se mezclan diferentes factores como pasar m\u00e1s tiempo juntos en un espacio reducido y que los ni\u00f1os carezcan de colegio, lo que cambia las rutinas. <br \/>Tambi\u00e9n se suma que muchas familias se ver\u00e1n en la triste situaci\u00f3n de tener a familiares enfermos o ingresados, o de estar atravesando situaciones econ\u00f3micas dif\u00edciles por el cierre de negocios o despidos, o viviendo momentos muy estresantes en sus puestos de trabajo<span class=\"hiddenGrammarError\" style=\"margin: 0px; padding: 0px; border: 0px; outline: 0px; background: 0px 0px; vertical-align: baseline; text-size-adjust: 100%;\">.<\/span><\/p>\n<p style=\"margin-right: 0px; margin-bottom: 0px; margin-left: 0px; padding: 0px 0px 1em; border: 0px; outline: 0px; background-image: initial; background-position: 0px 0px; background-size: initial; background-repeat: initial; background-attachment: initial; background-origin: initial; background-clip: initial; font-size: 14px; vertical-align: baseline; text-size-adjust: 100%; color: #666666; font-family: 'Open Sans', Arial, sans-serif;\">Por todo ello, es l\u00f3gico que esto se traduzca en un aumento de la tensi\u00f3n dentro de los hogares, siendo la cuarentena no la causa, pero s\u00ed quiz\u00e1s el detonante para aquellas relaciones que ya estuvieran deterioradas anteriormente.<\/p>\n<p style=\"margin-right: 0px; margin-bottom: 0px; margin-left: 0px; padding: 0px 0px 1em; border: 0px; outline: 0px; background-image: initial; background-position: 0px 0px; background-size: initial; background-repeat: initial; background-attachment: initial; background-origin: initial; background-clip: initial; font-size: 14px; vertical-align: baseline; text-size-adjust: 100%; color: #666666; font-family: 'Open Sans', Arial, sans-serif;\">En esta cuarentena nos est\u00e1 pasando lo mismo que despu\u00e9s de las vacaciones, cuando nos replanteamos nuestra vida y pasamos la mayor parte del tiempo con nuestros seres queridos. <br \/>Por eso es l\u00f3gico que una vez finalizado el estado de alarma, muchas parejas decidan tomar caminos separados.<\/p>\n<p style=\"margin-right: 0px; margin-bottom: 0px; margin-left: 0px; padding: 0px 0px 1em; border: 0px; outline: 0px; background-image: initial; background-position: 0px 0px; background-size: initial; background-repeat: initial; background-attachment: initial; background-origin: initial; background-clip: initial; font-size: 14px; vertical-align: baseline; text-size-adjust: 100%; color: #666666; font-family: 'Open Sans', Arial, sans-serif;\">De hecho, est\u00e1 demostrado que en los meses de marzo y agosto existen m\u00e1s divorcios, que coinciden justamente con la finalidad del per\u00edodo ocioso.<\/p>\n<p style=\"margin-right: 0px; margin-bottom: 0px; margin-left: 0px; padding: 0px 0px 1em; border: 0px; outline: 0px; background-image: initial; background-position: 0px 0px; background-size: initial; background-repeat: initial; background-attachment: initial; background-origin: initial; background-clip: initial; font-size: 14px; vertical-align: baseline; text-size-adjust: 100%; color: #666666; font-family: 'Open Sans', Arial, sans-serif;\"><em style=\"margin: 0px; padding: 0px; border: 0px; outline: 0px; background: 0px 0px; vertical-align: baseline; text-size-adjust: 100%;\">Si decides tomar la decisi\u00f3n de divorciarte, en Pere L\u00f3pez de Coca te ayudaremos para que este proceso sea m\u00e1s leve y r\u00e1pido. Somos expertos en divorcios, por eso nos necesitas. <\/em><\/p>\n<p style=\"margin-right: 0px; margin-bottom: 0px; margin-left: 0px; padding: 0px 0px 1em; border: 0px; outline: 0px; background-image: initial; background-position: 0px 0px; background-size: initial; background-repeat: initial; background-attachment: initial; background-origin: initial; background-clip: initial; font-size: 14px; vertical-align: baseline; text-size-adjust: 100%; color: #666666; font-family: 'Open Sans', Arial, sans-serif;\"><a style=\"margin: 0px; padding: 0px; border: 0px; outline: 0px; background-image: initial; background-position: 0px 0px; background-size: initial; background-repeat: initial; background-attachment: initial; background-origin: initial; background-clip: initial; vertical-align: baseline; text-size-adjust: 100%; color: #2ea3f2; text-decoration-line: none;\" href=\"http:\/\/www.perelopezdecoca.com\/\">www.perelopezdecoca.com\/<\/a><\/p>\n\t\t\t\t\t\t\t\t<\/div>\n\t\t\t\t<\/div>\n\t\t\t\t\t<\/div>\n\t\t<\/div>\n\t\t\t\t\t<\/div>\n\t\t<\/section>\n\t\t\t\t<\/div>\n\t\t","protected":false},"excerpt":{"rendered":"<p>\u00bfDivorcios despu\u00e9s del confinamiento? \u00bfPor qu\u00e9 creemos que habr\u00e1 m\u00e1s divorcios despu\u00e9s del confinamiento? Hay que tener en cuenta que este confinamiento por el coronavirus ha generado un c\u00f3ctel en el que se mezclan diferentes factores como pasar m\u00e1s tiempo juntos en un espacio reducido y que los ni\u00f1os carezcan de colegio, lo que cambia [&hellip;]<\/p>\n","protected":false},"author":1,"featured_media":0,"comment_status":"closed","ping_status":"closed","sticky":false,"template":"","format":"standard","meta":{"footnotes":""},"categories":[1],"tags":[],"class_list":["post-2065","post","type-post","status-publish","format-standard","hentry","category-sin-categorizar"],"yoast_head":"<!-- This site is optimized with the Yoast SEO plugin v26.4 - https:\/\/yoast.com\/wordpress\/plugins\/seo\/ -->\n<title>\u00bfDivorcios despu\u00e9s del confinamiento? - Advocats Girona<\/title>\n<meta name=\"robots\" content=\"index, follow, max-snippet:-1, max-image-preview:large, max-video-preview:-1\" \/>\n<link rel=\"canonical\" href=\"https:\/\/perelopezdecoca.com\/es\/sin-categorizar\/divorcios-despues-del-confinamiento\/\" \/>\n<meta property=\"og:locale\" content=\"es_ES\" \/>\n<meta property=\"og:type\" content=\"article\" \/>\n<meta property=\"og:title\" content=\"\u00bfDivorcios despu\u00e9s del confinamiento? - Advocats Girona\" \/>\n<meta property=\"og:description\" content=\"\u00bfDivorcios despu\u00e9s del confinamiento? \u00bfPor qu\u00e9 creemos que habr\u00e1 m\u00e1s divorcios despu\u00e9s del confinamiento? Hay que tener en cuenta que este confinamiento por el coronavirus ha generado un c\u00f3ctel en el que se mezclan diferentes factores como pasar m\u00e1s tiempo juntos en un espacio reducido y que los ni\u00f1os carezcan de colegio, lo que cambia [&hellip;]\" \/>\n<meta property=\"og:url\" content=\"https:\/\/perelopezdecoca.com\/es\/sin-categorizar\/divorcios-despues-del-confinamiento\/\" \/>\n<meta property=\"og:site_name\" content=\"Advocats Girona\" \/>\n<meta property=\"article:published_time\" content=\"2022-11-21T08:12:11+00:00\" \/>\n<meta property=\"article:modified_time\" content=\"2025-02-10T11:13:18+00:00\" \/>\n<meta name=\"author\" content=\"perelopezdecoca\" \/>\n<meta name=\"twitter:card\" content=\"summary_large_image\" \/>\n<meta name=\"twitter:label1\" content=\"Escrito por\" \/>\n\t<meta name=\"twitter:data1\" content=\"perelopezdecoca\" \/>\n\t<meta name=\"twitter:label2\" content=\"Tiempo de lectura\" \/>\n\t<meta name=\"twitter:data2\" content=\"1 minuto\" \/>\n<script type=\"application\/ld+json\" class=\"yoast-schema-graph\">{\"@context\":\"https:\/\/schema.org\",\"@graph\":[{\"@type\":\"Article\",\"@id\":\"https:\/\/perelopezdecoca.com\/es\/sin-categorizar\/divorcios-despues-del-confinamiento\/#article\",\"isPartOf\":{\"@id\":\"https:\/\/perelopezdecoca.com\/es\/sin-categorizar\/divorcios-despues-del-confinamiento\/\"},\"author\":{\"name\":\"perelopezdecoca\",\"@id\":\"https:\/\/perelopezdecoca.com\/#\/schema\/person\/c517d09e0615e6f9077a3702077f0eb0\"},\"headline\":\"\u00bfDivorcios despu\u00e9s del confinamiento?\",\"datePublished\":\"2022-11-21T08:12:11+00:00\",\"dateModified\":\"2025-02-10T11:13:18+00:00\",\"mainEntityOfPage\":{\"@id\":\"https:\/\/perelopezdecoca.com\/es\/sin-categorizar\/divorcios-despues-del-confinamiento\/\"},\"wordCount\":270,\"publisher\":{\"@id\":\"https:\/\/perelopezdecoca.com\/#organization\"},\"articleSection\":[\"Sin categorizar\"],\"inLanguage\":\"es\"},{\"@type\":\"WebPage\",\"@id\":\"https:\/\/perelopezdecoca.com\/es\/sin-categorizar\/divorcios-despues-del-confinamiento\/\",\"url\":\"https:\/\/perelopezdecoca.com\/es\/sin-categorizar\/divorcios-despues-del-confinamiento\/\",\"name\":\"\u00bfDivorcios despu\u00e9s del confinamiento? - Advocats Girona\",\"isPartOf\":{\"@id\":\"https:\/\/perelopezdecoca.com\/#website\"},\"datePublished\":\"2022-11-21T08:12:11+00:00\",\"dateModified\":\"2025-02-10T11:13:18+00:00\",\"breadcrumb\":{\"@id\":\"https:\/\/perelopezdecoca.com\/es\/sin-categorizar\/divorcios-despues-del-confinamiento\/#breadcrumb\"},\"inLanguage\":\"es\",\"potentialAction\":[{\"@type\":\"ReadAction\",\"target\":[\"https:\/\/perelopezdecoca.com\/es\/sin-categorizar\/divorcios-despues-del-confinamiento\/\"]}]},{\"@type\":\"BreadcrumbList\",\"@id\":\"https:\/\/perelopezdecoca.com\/es\/sin-categorizar\/divorcios-despues-del-confinamiento\/#breadcrumb\",\"itemListElement\":[{\"@type\":\"ListItem\",\"position\":1,\"name\":\"Inici\",\"item\":\"https:\/\/perelopezdecoca.com\/es\/\"},{\"@type\":\"ListItem\",\"position\":2,\"name\":\"\u00bfDivorcios despu\u00e9s del confinamiento?\"}]},{\"@type\":\"WebSite\",\"@id\":\"https:\/\/perelopezdecoca.com\/#website\",\"url\":\"https:\/\/perelopezdecoca.com\/\",\"name\":\"Advocats Girona\",\"description\":\"perelopezdecoca\",\"publisher\":{\"@id\":\"https:\/\/perelopezdecoca.com\/#organization\"},\"potentialAction\":[{\"@type\":\"SearchAction\",\"target\":{\"@type\":\"EntryPoint\",\"urlTemplate\":\"https:\/\/perelopezdecoca.com\/?s={search_term_string}\"},\"query-input\":{\"@type\":\"PropertyValueSpecification\",\"valueRequired\":true,\"valueName\":\"search_term_string\"}}],\"inLanguage\":\"es\"},{\"@type\":\"Organization\",\"@id\":\"https:\/\/perelopezdecoca.com\/#organization\",\"name\":\"Advocats Girona\",\"url\":\"https:\/\/perelopezdecoca.com\/\",\"logo\":{\"@type\":\"ImageObject\",\"inLanguage\":\"es\",\"@id\":\"https:\/\/perelopezdecoca.com\/#\/schema\/logo\/image\/\",\"url\":\"https:\/\/perelopezdecoca.com\/wp-content\/uploads\/cropped-LOGO-OK3.png\",\"contentUrl\":\"https:\/\/perelopezdecoca.com\/wp-content\/uploads\/cropped-LOGO-OK3.png\",\"width\":5449,\"height\":1324,\"caption\":\"Advocats Girona\"},\"image\":{\"@id\":\"https:\/\/perelopezdecoca.com\/#\/schema\/logo\/image\/\"}},{\"@type\":\"Person\",\"@id\":\"https:\/\/perelopezdecoca.com\/#\/schema\/person\/c517d09e0615e6f9077a3702077f0eb0\",\"name\":\"perelopezdecoca\",\"image\":{\"@type\":\"ImageObject\",\"inLanguage\":\"es\",\"@id\":\"https:\/\/perelopezdecoca.com\/#\/schema\/person\/image\/\",\"url\":\"https:\/\/secure.gravatar.com\/avatar\/aef86abf812645846e7e78f3258d7ea2d4e6e42d470aa2c868b79ba49f94b1e1?s=96&d=mm&r=g\",\"contentUrl\":\"https:\/\/secure.gravatar.com\/avatar\/aef86abf812645846e7e78f3258d7ea2d4e6e42d470aa2c868b79ba49f94b1e1?s=96&d=mm&r=g\",\"caption\":\"perelopezdecoca\"},\"sameAs\":[\"https:\/\/perelopezdecoca.com\"],\"url\":\"https:\/\/perelopezdecoca.com\/es\/author\/perelopezdecoca\/\"}]}<\/script>\n<!-- \/ Yoast SEO plugin. -->","yoast_head_json":{"title":"\u00bfDivorcios despu\u00e9s del confinamiento? - Advocats Girona","robots":{"index":"index","follow":"follow","max-snippet":"max-snippet:-1","max-image-preview":"max-image-preview:large","max-video-preview":"max-video-preview:-1"},"canonical":"https:\/\/perelopezdecoca.com\/es\/sin-categorizar\/divorcios-despues-del-confinamiento\/","og_locale":"es_ES","og_type":"article","og_title":"\u00bfDivorcios despu\u00e9s del confinamiento? - Advocats Girona","og_description":"\u00bfDivorcios despu\u00e9s del confinamiento? \u00bfPor qu\u00e9 creemos que habr\u00e1 m\u00e1s divorcios despu\u00e9s del confinamiento? Hay que tener en cuenta que este confinamiento por el coronavirus ha generado un c\u00f3ctel en el que se mezclan diferentes factores como pasar m\u00e1s tiempo juntos en un espacio reducido y que los ni\u00f1os carezcan de colegio, lo que cambia [&hellip;]","og_url":"https:\/\/perelopezdecoca.com\/es\/sin-categorizar\/divorcios-despues-del-confinamiento\/","og_site_name":"Advocats Girona","article_published_time":"2022-11-21T08:12:11+00:00","article_modified_time":"2025-02-10T11:13:18+00:00","author":"perelopezdecoca","twitter_card":"summary_large_image","twitter_misc":{"Escrito por":"perelopezdecoca","Tiempo de lectura":"1 minuto"},"schema":{"@context":"https:\/\/schema.org","@graph":[{"@type":"Article","@id":"https:\/\/perelopezdecoca.com\/es\/sin-categorizar\/divorcios-despues-del-confinamiento\/#article","isPartOf":{"@id":"https:\/\/perelopezdecoca.com\/es\/sin-categorizar\/divorcios-despues-del-confinamiento\/"},"author":{"name":"perelopezdecoca","@id":"https:\/\/perelopezdecoca.com\/#\/schema\/person\/c517d09e0615e6f9077a3702077f0eb0"},"headline":"\u00bfDivorcios despu\u00e9s del confinamiento?","datePublished":"2022-11-21T08:12:11+00:00","dateModified":"2025-02-10T11:13:18+00:00","mainEntityOfPage":{"@id":"https:\/\/perelopezdecoca.com\/es\/sin-categorizar\/divorcios-despues-del-confinamiento\/"},"wordCount":270,"publisher":{"@id":"https:\/\/perelopezdecoca.com\/#organization"},"articleSection":["Sin categorizar"],"inLanguage":"es"},{"@type":"WebPage","@id":"https:\/\/perelopezdecoca.com\/es\/sin-categorizar\/divorcios-despues-del-confinamiento\/","url":"https:\/\/perelopezdecoca.com\/es\/sin-categorizar\/divorcios-despues-del-confinamiento\/","name":"\u00bfDivorcios despu\u00e9s del confinamiento? - Advocats Girona","isPartOf":{"@id":"https:\/\/perelopezdecoca.com\/#website"},"datePublished":"2022-11-21T08:12:11+00:00","dateModified":"2025-02-10T11:13:18+00:00","breadcrumb":{"@id":"https:\/\/perelopezdecoca.com\/es\/sin-categorizar\/divorcios-despues-del-confinamiento\/#breadcrumb"},"inLanguage":"es","potentialAction":[{"@type":"ReadAction","target":["https:\/\/perelopezdecoca.com\/es\/sin-categorizar\/divorcios-despues-del-confinamiento\/"]}]},{"@type":"BreadcrumbList","@id":"https:\/\/perelopezdecoca.com\/es\/sin-categorizar\/divorcios-despues-del-confinamiento\/#breadcrumb","itemListElement":[{"@type":"ListItem","position":1,"name":"Inici","item":"https:\/\/perelopezdecoca.com\/es\/"},{"@type":"ListItem","position":2,"name":"\u00bfDivorcios despu\u00e9s del confinamiento?"}]},{"@type":"WebSite","@id":"https:\/\/perelopezdecoca.com\/#website","url":"https:\/\/perelopezdecoca.com\/","name":"Advocats Girona","description":"perelopezdecoca","publisher":{"@id":"https:\/\/perelopezdecoca.com\/#organization"},"potentialAction":[{"@type":"SearchAction","target":{"@type":"EntryPoint","urlTemplate":"https:\/\/perelopezdecoca.com\/?s={search_term_string}"},"query-input":{"@type":"PropertyValueSpecification","valueRequired":true,"valueName":"search_term_string"}}],"inLanguage":"es"},{"@type":"Organization","@id":"https:\/\/perelopezdecoca.com\/#organization","name":"Advocats Girona","url":"https:\/\/perelopezdecoca.com\/","logo":{"@type":"ImageObject","inLanguage":"es","@id":"https:\/\/perelopezdecoca.com\/#\/schema\/logo\/image\/","url":"https:\/\/perelopezdecoca.com\/wp-content\/uploads\/cropped-LOGO-OK3.png","contentUrl":"https:\/\/perelopezdecoca.com\/wp-content\/uploads\/cropped-LOGO-OK3.png","width":5449,"height":1324,"caption":"Advocats Girona"},"image":{"@id":"https:\/\/perelopezdecoca.com\/#\/schema\/logo\/image\/"}},{"@type":"Person","@id":"https:\/\/perelopezdecoca.com\/#\/schema\/person\/c517d09e0615e6f9077a3702077f0eb0","name":"perelopezdecoca","image":{"@type":"ImageObject","inLanguage":"es","@id":"https:\/\/perelopezdecoca.com\/#\/schema\/person\/image\/","url":"https:\/\/secure.gravatar.com\/avatar\/aef86abf812645846e7e78f3258d7ea2d4e6e42d470aa2c868b79ba49f94b1e1?s=96&d=mm&r=g","contentUrl":"https:\/\/secure.gravatar.com\/avatar\/aef86abf812645846e7e78f3258d7ea2d4e6e42d470aa2c868b79ba49f94b1e1?s=96&d=mm&r=g","caption":"perelopezdecoca"},"sameAs":["https:\/\/perelopezdecoca.com"],"url":"https:\/\/perelopezdecoca.com\/es\/author\/perelopezdecoca\/"}]}},"_links":{"self":[{"href":"https:\/\/perelopezdecoca.com\/es\/wp-json\/wp\/v2\/posts\/2065","targetHints":{"allow":["GET"]}}],"collection":[{"href":"https:\/\/perelopezdecoca.com\/es\/wp-json\/wp\/v2\/posts"}],"about":[{"href":"https:\/\/perelopezdecoca.com\/es\/wp-json\/wp\/v2\/types\/post"}],"author":[{"embeddable":true,"href":"https:\/\/perelopezdecoca.com\/es\/wp-json\/wp\/v2\/users\/1"}],"replies":[{"embeddable":true,"href":"https:\/\/perelopezdecoca.com\/es\/wp-json\/wp\/v2\/comments?post=2065"}],"version-history":[{"count":3,"href":"https:\/\/perelopezdecoca.com\/es\/wp-json\/wp\/v2\/posts\/2065\/revisions"}],"predecessor-version":[{"id":2069,"href":"https:\/\/perelopezdecoca.com\/es\/wp-json\/wp\/v2\/posts\/2065\/revisions\/2069"}],"wp:attachment":[{"href":"https:\/\/perelopezdecoca.com\/es\/wp-json\/wp\/v2\/media?parent=2065"}],"wp:term":[{"taxonomy":"category","embeddable":true,"href":"https:\/\/perelopezdecoca.com\/es\/wp-json\/wp\/v2\/categories?post=2065"},{"taxonomy":"post_tag","embeddable":true,"href":"https:\/\/perelopezdecoca.com\/es\/wp-json\/wp\/v2\/tags?post=2065"}],"curies":[{"name":"wp","href":"https:\/\/api.w.org\/{rel}","templated":true}]}}