{"id":2029,"date":"2022-11-21T09:26:42","date_gmt":"2022-11-21T08:26:42","guid":{"rendered":"https:\/\/perelopezdecoca.com\/sin-categorizar\/tipo-de-custodia-de-los-hijos\/"},"modified":"2025-02-06T10:42:14","modified_gmt":"2025-02-06T09:42:14","slug":"tipo-de-custodia-de-los-hijos","status":"publish","type":"post","link":"https:\/\/perelopezdecoca.com\/es\/sin-categorizar\/tipo-de-custodia-de-los-hijos\/","title":{"rendered":"Tipo de custodia de los hijos"},"content":{"rendered":"\t\t<div data-elementor-type=\"wp-post\" data-elementor-id=\"2029\" class=\"elementor elementor-2029 elementor-1594\" data-elementor-post-type=\"post\">\n\t\t\t\t\t\t<section class=\"elementor-section elementor-top-section elementor-element elementor-element-f67b950 elementor-section-boxed elementor-section-height-default elementor-section-height-default\" data-id=\"f67b950\" data-element_type=\"section\">\n\t\t\t\t\t\t<div class=\"elementor-container elementor-column-gap-default\">\n\t\t\t\t\t<div class=\"elementor-column elementor-col-100 elementor-top-column elementor-element elementor-element-6394d24\" data-id=\"6394d24\" data-element_type=\"column\">\n\t\t\t<div class=\"elementor-widget-wrap elementor-element-populated\">\n\t\t\t\t\t\t<div class=\"elementor-element elementor-element-eb1710f elementor-widget elementor-widget-heading\" data-id=\"eb1710f\" data-element_type=\"widget\" data-widget_type=\"heading.default\">\n\t\t\t\t<div class=\"elementor-widget-container\">\n\t\t\t\t\t<h2 class=\"elementor-heading-title elementor-size-default\"><h1>Tipo de custodia de los hijos<\/h1><\/h2>\t\t\t\t<\/div>\n\t\t\t\t<\/div>\n\t\t\t\t<div class=\"elementor-element elementor-element-2aca62f elementor-widget elementor-widget-text-editor\" data-id=\"2aca62f\" data-element_type=\"widget\" data-widget_type=\"text-editor.default\">\n\t\t\t\t<div class=\"elementor-widget-container\">\n\t\t\t\t\t\t\t\t\t<p style=\"margin-right: 0px; margin-bottom: 0px; margin-left: 0px; padding: 0px 0px 1em; border: 0px; outline: 0px; background-image: initial; background-position: 0px 0px; background-size: initial; background-repeat: initial; background-attachment: initial; background-origin: initial; background-clip: initial; font-size: 14px; vertical-align: baseline; text-size-adjust: 100%; color: rgb(102, 102, 102); font-family: \"Open Sans\", Arial, sans-serif;\">En caso de separaci\u00f3n o divorcio, pensar cu\u00e1l ser\u00e1 la situaci\u00f3n de los hijos derivada de este hecho, siempre es complicado por parte de los progenitores. Sea cual sea la situaci\u00f3n, el que es evidente es que los padres quieren que si hay hijos de edad poco avanzada por el medio del asunto, que estos lo sufran de la manera menos dolorosa posible. Hay diferentes tipos de custodia, cada una con sus particularidades y caracter\u00edsticas, que descubriremos a continuaci\u00f3n.  <\/p>\n<p style=\"margin-right: 0px; margin-bottom: 0px; margin-left: 0px; padding: 0px 0px 1em; border: 0px; outline: 0px; background-image: initial; background-position: 0px 0px; background-size: initial; background-repeat: initial; background-attachment: initial; background-origin: initial; background-clip: initial; font-size: 14px; vertical-align: baseline; text-size-adjust: 100%; color: rgb(102, 102, 102); font-family: \"Open Sans\", Arial, sans-serif;\">&nbsp;<\/p>\n<h2 style=\"margin: 0px; padding: 0px 0px 10px; border: 0px; outline: 0px; background-image: initial; background-position: 0px 0px; background-size: initial; background-repeat: initial; background-attachment: initial; background-origin: initial; background-clip: initial; font-size: 26px; vertical-align: baseline; text-size-adjust: 100%; color: rgb(51, 51, 51); line-height: 1em; font-family: \"Open Sans\", Arial, sans-serif;\"><span style=\"margin: 0px; padding: 0px; border: 0px; outline: 0px; background: 0px 0px; vertical-align: baseline; text-size-adjust: 100%; font-weight: 700;\">Custodia monoparental&nbsp;<\/span><\/h2>\n<p style=\"margin-right: 0px; margin-bottom: 0px; margin-left: 0px; padding: 0px 0px 1em; border: 0px; outline: 0px; background-image: initial; background-position: 0px 0px; background-size: initial; background-repeat: initial; background-attachment: initial; background-origin: initial; background-clip: initial; font-size: 14px; vertical-align: baseline; text-size-adjust: 100%; color: rgb(102, 102, 102); font-family: \"Open Sans\", Arial, sans-serif;\">Se trata del tipo de custodia m\u00e1s habitual y utilizado en Espa\u00f1a. Este tipo de custodia se caracteriza por el hecho que uno de los dos progenitores se encarga del bienestar, de la educaci\u00f3n y de todo el que hace referencia a los hijos menores una vez se produce la separaci\u00f3n de la pareja. El progenitor que no tiene la custodia, disfruta de los derechos de visita, comunicaci\u00f3n y aposento respecto de los hijos. En Espa\u00f1a, predomina la custodia monoparental adjudicada a las madres por encima de los padres. El a\u00f1o 2018, la custodia monoparental materna se daba en un 61\u20196% de los casos y la custodia paterna en un 4\u20192%.    <\/p>\n<p style=\"margin-right: 0px; margin-bottom: 0px; margin-left: 0px; padding: 0px 0px 1em; border: 0px; outline: 0px; background-image: initial; background-position: 0px 0px; background-size: initial; background-repeat: initial; background-attachment: initial; background-origin: initial; background-clip: initial; font-size: 14px; vertical-align: baseline; text-size-adjust: 100%; color: rgb(102, 102, 102); font-family: \"Open Sans\", Arial, sans-serif;\">&nbsp;<\/p>\n<h2 style=\"margin: 0px; padding: 0px 0px 10px; border: 0px; outline: 0px; background-image: initial; background-position: 0px 0px; background-size: initial; background-repeat: initial; background-attachment: initial; background-origin: initial; background-clip: initial; font-size: 26px; vertical-align: baseline; text-size-adjust: 100%; color: rgb(51, 51, 51); line-height: 1em; font-family: \"Open Sans\", Arial, sans-serif;\"><span style=\"margin: 0px; padding: 0px; border: 0px; outline: 0px; background: 0px 0px; vertical-align: baseline; text-size-adjust: 100%; font-weight: 700;\">Custodia compartida<\/span><\/h2>\n<p style=\"margin-right: 0px; margin-bottom: 0px; margin-left: 0px; padding: 0px 0px 1em; border: 0px; outline: 0px; background-image: initial; background-position: 0px 0px; background-size: initial; background-repeat: initial; background-attachment: initial; background-origin: initial; background-clip: initial; font-size: 14px; vertical-align: baseline; text-size-adjust: 100%; color: rgb(102, 102, 102); font-family: \"Open Sans\", Arial, sans-serif;\">A pesar de que la custodia monoparental es la m\u00e1s habitual, la custodia compartida tambi\u00e9n est\u00e1 ganando terreno y es cada vez m\u00e1s solicitada. En el caso de la custodia monoparental, solo uno de los dos progenitores tiene la custodia de los hijos. Al tratarse de custodia compartida, los padres tienen por igual la misma prioridad en la hora de tomar decisiones sobre el futuro de los hijos. Los padres pueden tener un domicilio fijo y que los hijos tengan que ir cambiante de casa seg\u00fan el plazo de tiempo que hayan elegido los padres en consenso, o a la inversa, que se tengan que mover los progenitores. Tambi\u00e9n se puede dar el caso que uno de los dos progenitores tenga que pasar m\u00e1s tiempo con los hijos que no el otro, ya sea por motivos como por ejemplo los de tipo laboral.    <\/p>\n<p style=\"margin-right: 0px; margin-bottom: 0px; margin-left: 0px; padding: 0px 0px 1em; border: 0px; outline: 0px; background-image: initial; background-position: 0px 0px; background-size: initial; background-repeat: initial; background-attachment: initial; background-origin: initial; background-clip: initial; font-size: 14px; vertical-align: baseline; text-size-adjust: 100%; color: rgb(102, 102, 102); font-family: \"Open Sans\", Arial, sans-serif;\">&nbsp;<\/p>\n<h2 style=\"margin: 0px; padding: 0px 0px 10px; border: 0px; outline: 0px; background-image: initial; background-position: 0px 0px; background-size: initial; background-repeat: initial; background-attachment: initial; background-origin: initial; background-clip: initial; font-size: 26px; vertical-align: baseline; text-size-adjust: 100%; color: rgb(51, 51, 51); line-height: 1em; font-family: \"Open Sans\", Arial, sans-serif;\"><span style=\"margin: 0px; padding: 0px; border: 0px; outline: 0px; background: 0px 0px; vertical-align: baseline; text-size-adjust: 100%; font-weight: 700;\">Custodia partida o distributiva<\/span><\/h2>\n<p style=\"margin-right: 0px; margin-bottom: 0px; margin-left: 0px; padding: 0px 0px 1em; border: 0px; outline: 0px; background-image: initial; background-position: 0px 0px; background-size: initial; background-repeat: initial; background-attachment: initial; background-origin: initial; background-clip: initial; font-size: 14px; vertical-align: baseline; text-size-adjust: 100%; color: rgb(102, 102, 102); font-family: \"Open Sans\", Arial, sans-serif;\">Se trata de uno de los tipos de custodia menos utilizados y se lo puede denominar un tipo de custodia excepcional, puesto que se suele aplicar cuando hay m\u00e1s de dos hijos por el medio. Uno de los hijos puede ir con uno de los progenitores y el resto con otro, quedando as\u00ed los hermanos separados por los progenitores. <\/p>\n<p style=\"margin-right: 0px; margin-bottom: 0px; margin-left: 0px; padding: 0px 0px 1em; border: 0px; outline: 0px; background-image: initial; background-position: 0px 0px; background-size: initial; background-repeat: initial; background-attachment: initial; background-origin: initial; background-clip: initial; font-size: 14px; vertical-align: baseline; text-size-adjust: 100%; color: rgb(102, 102, 102); font-family: \"Open Sans\", Arial, sans-serif;\">&nbsp;<\/p>\n<h2 style=\"margin: 0px; padding: 0px 0px 10px; border: 0px; outline: 0px; background-image: initial; background-position: 0px 0px; background-size: initial; background-repeat: initial; background-attachment: initial; background-origin: initial; background-clip: initial; font-size: 26px; vertical-align: baseline; text-size-adjust: 100%; color: rgb(51, 51, 51); line-height: 1em; font-family: \"Open Sans\", Arial, sans-serif;\"><span style=\"margin: 0px; padding: 0px; border: 0px; outline: 0px; background: 0px 0px; vertical-align: baseline; text-size-adjust: 100%; font-weight: 700;\">Custodia adjudicada a un tercero&nbsp;<\/span><\/h2>\n<p style=\"margin-right: 0px; margin-bottom: 0px; margin-left: 0px; padding: 0px 0px 1em; border: 0px; outline: 0px; background-image: initial; background-position: 0px 0px; background-size: initial; background-repeat: initial; background-attachment: initial; background-origin: initial; background-clip: initial; font-size: 14px; vertical-align: baseline; text-size-adjust: 100%; color: rgb(102, 102, 102); font-family: \"Open Sans\", Arial, sans-serif;\">En este tipo de custodia, los padres no se encargan de los menores por causa mayor, por ejemplo, por muerte. En este caso, los parientes pr\u00f3ximos como por ejemplo los abuelos paternos o maternos o incluso los hermanos grandes son quienes tienen derecho a encargarse de los peque\u00f1os. Si no hubiera ning\u00fan familiar capacitado para ejercer la responsabilidad, se adjudicar\u00eda la custodia del menor a alguna instituci\u00f3n capacitada por esta situaci\u00f3n.  <\/p>\n<p style=\"margin-right: 0px; margin-bottom: 0px; margin-left: 0px; padding: 0px 0px 1em; border: 0px; outline: 0px; background-image: initial; background-position: 0px 0px; background-size: initial; background-repeat: initial; background-attachment: initial; background-origin: initial; background-clip: initial; font-size: 14px; vertical-align: baseline; text-size-adjust: 100%; color: rgb(102, 102, 102); font-family: \"Open Sans\", Arial, sans-serif;\">&nbsp;<\/p>\n<p style=\"margin-right: 0px; margin-bottom: 0px; margin-left: 0px; padding: 0px 0px 1em; border: 0px; outline: 0px; background-image: initial; background-position: 0px 0px; background-size: initial; background-repeat: initial; background-attachment: initial; background-origin: initial; background-clip: initial; font-size: 14px; vertical-align: baseline; text-size-adjust: 100%; color: rgb(102, 102, 102); font-family: \"Open Sans\", Arial, sans-serif;\"><span style=\"margin: 0px; padding: 0px; border: 0px; outline: 0px; background: 0px 0px; vertical-align: baseline; text-size-adjust: 100%; font-weight: 700;\">A Pere L\u00f3pez de Coca te asesoramos en temas de derecho familiar, como son los divorcios y las separaciones.&nbsp;<\/span><\/p>\n\t\t\t\t\t\t\t\t<\/div>\n\t\t\t\t<\/div>\n\t\t\t\t\t<\/div>\n\t\t<\/div>\n\t\t\t\t\t<\/div>\n\t\t<\/section>\n\t\t\t\t<\/div>\n\t\t","protected":false},"excerpt":{"rendered":"<p>Tipo de custodia de los hijos En caso de separaci\u00f3n o divorcio, pensar cu\u00e1l ser\u00e1 la situaci\u00f3n de los hijos derivada de este hecho, siempre es complicado por parte de los progenitores. Sea cual sea la situaci\u00f3n, el que es evidente es que los padres quieren que si hay hijos de edad poco avanzada por [&hellip;]<\/p>\n","protected":false},"author":1,"featured_media":0,"comment_status":"closed","ping_status":"","sticky":false,"template":"","format":"standard","meta":{"footnotes":""},"categories":[1],"tags":[],"class_list":["post-2029","post","type-post","status-publish","format-standard","hentry","category-sin-categorizar"],"yoast_head":"<!-- This site is optimized with the Yoast SEO plugin v26.4 - https:\/\/yoast.com\/wordpress\/plugins\/seo\/ -->\n<title>Tipo de custodia de los hijos - Advocats Girona<\/title>\n<meta name=\"robots\" content=\"index, follow, max-snippet:-1, max-image-preview:large, max-video-preview:-1\" \/>\n<link rel=\"canonical\" href=\"https:\/\/perelopezdecoca.com\/es\/sin-categorizar\/tipo-de-custodia-de-los-hijos\/\" \/>\n<meta property=\"og:locale\" content=\"es_ES\" \/>\n<meta property=\"og:type\" content=\"article\" \/>\n<meta property=\"og:title\" content=\"Tipo de custodia de los hijos - Advocats Girona\" \/>\n<meta property=\"og:description\" content=\"Tipo de custodia de los hijos En caso de separaci\u00f3n o divorcio, pensar cu\u00e1l ser\u00e1 la situaci\u00f3n de los hijos derivada de este hecho, siempre es complicado por parte de los progenitores. Sea cual sea la situaci\u00f3n, el que es evidente es que los padres quieren que si hay hijos de edad poco avanzada por [&hellip;]\" \/>\n<meta property=\"og:url\" content=\"https:\/\/perelopezdecoca.com\/es\/sin-categorizar\/tipo-de-custodia-de-los-hijos\/\" \/>\n<meta property=\"og:site_name\" content=\"Advocats Girona\" \/>\n<meta property=\"article:published_time\" content=\"2022-11-21T08:26:42+00:00\" \/>\n<meta property=\"article:modified_time\" content=\"2025-02-06T09:42:14+00:00\" \/>\n<meta name=\"author\" content=\"perelopezdecoca\" \/>\n<meta name=\"twitter:card\" content=\"summary_large_image\" \/>\n<meta name=\"twitter:label1\" content=\"Escrito por\" \/>\n\t<meta name=\"twitter:data1\" content=\"perelopezdecoca\" \/>\n\t<meta name=\"twitter:label2\" content=\"Tiempo de lectura\" \/>\n\t<meta name=\"twitter:data2\" content=\"3 minutos\" \/>\n<script type=\"application\/ld+json\" class=\"yoast-schema-graph\">{\"@context\":\"https:\/\/schema.org\",\"@graph\":[{\"@type\":\"Article\",\"@id\":\"https:\/\/perelopezdecoca.com\/es\/sin-categorizar\/tipo-de-custodia-de-los-hijos\/#article\",\"isPartOf\":{\"@id\":\"https:\/\/perelopezdecoca.com\/es\/sin-categorizar\/tipo-de-custodia-de-los-hijos\/\"},\"author\":{\"name\":\"perelopezdecoca\",\"@id\":\"https:\/\/perelopezdecoca.com\/#\/schema\/person\/c517d09e0615e6f9077a3702077f0eb0\"},\"headline\":\"Tipo de custodia de los hijos\",\"datePublished\":\"2022-11-21T08:26:42+00:00\",\"dateModified\":\"2025-02-06T09:42:14+00:00\",\"mainEntityOfPage\":{\"@id\":\"https:\/\/perelopezdecoca.com\/es\/sin-categorizar\/tipo-de-custodia-de-los-hijos\/\"},\"wordCount\":539,\"publisher\":{\"@id\":\"https:\/\/perelopezdecoca.com\/#organization\"},\"articleSection\":[\"Sin categorizar\"],\"inLanguage\":\"es\"},{\"@type\":\"WebPage\",\"@id\":\"https:\/\/perelopezdecoca.com\/es\/sin-categorizar\/tipo-de-custodia-de-los-hijos\/\",\"url\":\"https:\/\/perelopezdecoca.com\/es\/sin-categorizar\/tipo-de-custodia-de-los-hijos\/\",\"name\":\"Tipo de custodia de los hijos - Advocats Girona\",\"isPartOf\":{\"@id\":\"https:\/\/perelopezdecoca.com\/#website\"},\"datePublished\":\"2022-11-21T08:26:42+00:00\",\"dateModified\":\"2025-02-06T09:42:14+00:00\",\"breadcrumb\":{\"@id\":\"https:\/\/perelopezdecoca.com\/es\/sin-categorizar\/tipo-de-custodia-de-los-hijos\/#breadcrumb\"},\"inLanguage\":\"es\",\"potentialAction\":[{\"@type\":\"ReadAction\",\"target\":[\"https:\/\/perelopezdecoca.com\/es\/sin-categorizar\/tipo-de-custodia-de-los-hijos\/\"]}]},{\"@type\":\"BreadcrumbList\",\"@id\":\"https:\/\/perelopezdecoca.com\/es\/sin-categorizar\/tipo-de-custodia-de-los-hijos\/#breadcrumb\",\"itemListElement\":[{\"@type\":\"ListItem\",\"position\":1,\"name\":\"Inici\",\"item\":\"https:\/\/perelopezdecoca.com\/es\/\"},{\"@type\":\"ListItem\",\"position\":2,\"name\":\"Tipo de custodia de los hijos\"}]},{\"@type\":\"WebSite\",\"@id\":\"https:\/\/perelopezdecoca.com\/#website\",\"url\":\"https:\/\/perelopezdecoca.com\/\",\"name\":\"Advocats Girona\",\"description\":\"perelopezdecoca\",\"publisher\":{\"@id\":\"https:\/\/perelopezdecoca.com\/#organization\"},\"potentialAction\":[{\"@type\":\"SearchAction\",\"target\":{\"@type\":\"EntryPoint\",\"urlTemplate\":\"https:\/\/perelopezdecoca.com\/?s={search_term_string}\"},\"query-input\":{\"@type\":\"PropertyValueSpecification\",\"valueRequired\":true,\"valueName\":\"search_term_string\"}}],\"inLanguage\":\"es\"},{\"@type\":\"Organization\",\"@id\":\"https:\/\/perelopezdecoca.com\/#organization\",\"name\":\"Advocats Girona\",\"url\":\"https:\/\/perelopezdecoca.com\/\",\"logo\":{\"@type\":\"ImageObject\",\"inLanguage\":\"es\",\"@id\":\"https:\/\/perelopezdecoca.com\/#\/schema\/logo\/image\/\",\"url\":\"https:\/\/perelopezdecoca.com\/wp-content\/uploads\/cropped-LOGO-OK3.png\",\"contentUrl\":\"https:\/\/perelopezdecoca.com\/wp-content\/uploads\/cropped-LOGO-OK3.png\",\"width\":5449,\"height\":1324,\"caption\":\"Advocats Girona\"},\"image\":{\"@id\":\"https:\/\/perelopezdecoca.com\/#\/schema\/logo\/image\/\"}},{\"@type\":\"Person\",\"@id\":\"https:\/\/perelopezdecoca.com\/#\/schema\/person\/c517d09e0615e6f9077a3702077f0eb0\",\"name\":\"perelopezdecoca\",\"image\":{\"@type\":\"ImageObject\",\"inLanguage\":\"es\",\"@id\":\"https:\/\/perelopezdecoca.com\/#\/schema\/person\/image\/\",\"url\":\"https:\/\/secure.gravatar.com\/avatar\/aef86abf812645846e7e78f3258d7ea2d4e6e42d470aa2c868b79ba49f94b1e1?s=96&d=mm&r=g\",\"contentUrl\":\"https:\/\/secure.gravatar.com\/avatar\/aef86abf812645846e7e78f3258d7ea2d4e6e42d470aa2c868b79ba49f94b1e1?s=96&d=mm&r=g\",\"caption\":\"perelopezdecoca\"},\"sameAs\":[\"https:\/\/perelopezdecoca.com\"],\"url\":\"https:\/\/perelopezdecoca.com\/es\/author\/perelopezdecoca\/\"}]}<\/script>\n<!-- \/ Yoast SEO plugin. -->","yoast_head_json":{"title":"Tipo de custodia de los hijos - Advocats Girona","robots":{"index":"index","follow":"follow","max-snippet":"max-snippet:-1","max-image-preview":"max-image-preview:large","max-video-preview":"max-video-preview:-1"},"canonical":"https:\/\/perelopezdecoca.com\/es\/sin-categorizar\/tipo-de-custodia-de-los-hijos\/","og_locale":"es_ES","og_type":"article","og_title":"Tipo de custodia de los hijos - Advocats Girona","og_description":"Tipo de custodia de los hijos En caso de separaci\u00f3n o divorcio, pensar cu\u00e1l ser\u00e1 la situaci\u00f3n de los hijos derivada de este hecho, siempre es complicado por parte de los progenitores. Sea cual sea la situaci\u00f3n, el que es evidente es que los padres quieren que si hay hijos de edad poco avanzada por [&hellip;]","og_url":"https:\/\/perelopezdecoca.com\/es\/sin-categorizar\/tipo-de-custodia-de-los-hijos\/","og_site_name":"Advocats Girona","article_published_time":"2022-11-21T08:26:42+00:00","article_modified_time":"2025-02-06T09:42:14+00:00","author":"perelopezdecoca","twitter_card":"summary_large_image","twitter_misc":{"Escrito por":"perelopezdecoca","Tiempo de lectura":"3 minutos"},"schema":{"@context":"https:\/\/schema.org","@graph":[{"@type":"Article","@id":"https:\/\/perelopezdecoca.com\/es\/sin-categorizar\/tipo-de-custodia-de-los-hijos\/#article","isPartOf":{"@id":"https:\/\/perelopezdecoca.com\/es\/sin-categorizar\/tipo-de-custodia-de-los-hijos\/"},"author":{"name":"perelopezdecoca","@id":"https:\/\/perelopezdecoca.com\/#\/schema\/person\/c517d09e0615e6f9077a3702077f0eb0"},"headline":"Tipo de custodia de los hijos","datePublished":"2022-11-21T08:26:42+00:00","dateModified":"2025-02-06T09:42:14+00:00","mainEntityOfPage":{"@id":"https:\/\/perelopezdecoca.com\/es\/sin-categorizar\/tipo-de-custodia-de-los-hijos\/"},"wordCount":539,"publisher":{"@id":"https:\/\/perelopezdecoca.com\/#organization"},"articleSection":["Sin categorizar"],"inLanguage":"es"},{"@type":"WebPage","@id":"https:\/\/perelopezdecoca.com\/es\/sin-categorizar\/tipo-de-custodia-de-los-hijos\/","url":"https:\/\/perelopezdecoca.com\/es\/sin-categorizar\/tipo-de-custodia-de-los-hijos\/","name":"Tipo de custodia de los hijos - Advocats Girona","isPartOf":{"@id":"https:\/\/perelopezdecoca.com\/#website"},"datePublished":"2022-11-21T08:26:42+00:00","dateModified":"2025-02-06T09:42:14+00:00","breadcrumb":{"@id":"https:\/\/perelopezdecoca.com\/es\/sin-categorizar\/tipo-de-custodia-de-los-hijos\/#breadcrumb"},"inLanguage":"es","potentialAction":[{"@type":"ReadAction","target":["https:\/\/perelopezdecoca.com\/es\/sin-categorizar\/tipo-de-custodia-de-los-hijos\/"]}]},{"@type":"BreadcrumbList","@id":"https:\/\/perelopezdecoca.com\/es\/sin-categorizar\/tipo-de-custodia-de-los-hijos\/#breadcrumb","itemListElement":[{"@type":"ListItem","position":1,"name":"Inici","item":"https:\/\/perelopezdecoca.com\/es\/"},{"@type":"ListItem","position":2,"name":"Tipo de custodia de los hijos"}]},{"@type":"WebSite","@id":"https:\/\/perelopezdecoca.com\/#website","url":"https:\/\/perelopezdecoca.com\/","name":"Advocats Girona","description":"perelopezdecoca","publisher":{"@id":"https:\/\/perelopezdecoca.com\/#organization"},"potentialAction":[{"@type":"SearchAction","target":{"@type":"EntryPoint","urlTemplate":"https:\/\/perelopezdecoca.com\/?s={search_term_string}"},"query-input":{"@type":"PropertyValueSpecification","valueRequired":true,"valueName":"search_term_string"}}],"inLanguage":"es"},{"@type":"Organization","@id":"https:\/\/perelopezdecoca.com\/#organization","name":"Advocats Girona","url":"https:\/\/perelopezdecoca.com\/","logo":{"@type":"ImageObject","inLanguage":"es","@id":"https:\/\/perelopezdecoca.com\/#\/schema\/logo\/image\/","url":"https:\/\/perelopezdecoca.com\/wp-content\/uploads\/cropped-LOGO-OK3.png","contentUrl":"https:\/\/perelopezdecoca.com\/wp-content\/uploads\/cropped-LOGO-OK3.png","width":5449,"height":1324,"caption":"Advocats Girona"},"image":{"@id":"https:\/\/perelopezdecoca.com\/#\/schema\/logo\/image\/"}},{"@type":"Person","@id":"https:\/\/perelopezdecoca.com\/#\/schema\/person\/c517d09e0615e6f9077a3702077f0eb0","name":"perelopezdecoca","image":{"@type":"ImageObject","inLanguage":"es","@id":"https:\/\/perelopezdecoca.com\/#\/schema\/person\/image\/","url":"https:\/\/secure.gravatar.com\/avatar\/aef86abf812645846e7e78f3258d7ea2d4e6e42d470aa2c868b79ba49f94b1e1?s=96&d=mm&r=g","contentUrl":"https:\/\/secure.gravatar.com\/avatar\/aef86abf812645846e7e78f3258d7ea2d4e6e42d470aa2c868b79ba49f94b1e1?s=96&d=mm&r=g","caption":"perelopezdecoca"},"sameAs":["https:\/\/perelopezdecoca.com"],"url":"https:\/\/perelopezdecoca.com\/es\/author\/perelopezdecoca\/"}]}},"_links":{"self":[{"href":"https:\/\/perelopezdecoca.com\/es\/wp-json\/wp\/v2\/posts\/2029","targetHints":{"allow":["GET"]}}],"collection":[{"href":"https:\/\/perelopezdecoca.com\/es\/wp-json\/wp\/v2\/posts"}],"about":[{"href":"https:\/\/perelopezdecoca.com\/es\/wp-json\/wp\/v2\/types\/post"}],"author":[{"embeddable":true,"href":"https:\/\/perelopezdecoca.com\/es\/wp-json\/wp\/v2\/users\/1"}],"replies":[{"embeddable":true,"href":"https:\/\/perelopezdecoca.com\/es\/wp-json\/wp\/v2\/comments?post=2029"}],"version-history":[{"count":1,"href":"https:\/\/perelopezdecoca.com\/es\/wp-json\/wp\/v2\/posts\/2029\/revisions"}],"predecessor-version":[{"id":2030,"href":"https:\/\/perelopezdecoca.com\/es\/wp-json\/wp\/v2\/posts\/2029\/revisions\/2030"}],"wp:attachment":[{"href":"https:\/\/perelopezdecoca.com\/es\/wp-json\/wp\/v2\/media?parent=2029"}],"wp:term":[{"taxonomy":"category","embeddable":true,"href":"https:\/\/perelopezdecoca.com\/es\/wp-json\/wp\/v2\/categories?post=2029"},{"taxonomy":"post_tag","embeddable":true,"href":"https:\/\/perelopezdecoca.com\/es\/wp-json\/wp\/v2\/tags?post=2029"}],"curies":[{"name":"wp","href":"https:\/\/api.w.org\/{rel}","templated":true}]}}